{"id":412,"date":"2025-07-10T13:30:55","date_gmt":"2025-07-10T11:30:55","guid":{"rendered":"https:\/\/tsv-rosstal.de\/judo\/?p=412"},"modified":"2025-12-06T13:33:35","modified_gmt":"2025-12-06T12:33:35","slug":"kampftag-3-der-jugendliga-2025","status":"publish","type":"post","link":"https:\/\/tsv-rosstal.de\/judo\/2025\/07\/10\/kampftag-3-der-jugendliga-2025\/","title":{"rendered":"Kampftag 3 der Jugendliga 2025"},"content":{"rendered":"<p>F\u00fcr unsere Kids stand Mitte Juli der dritte Kampftag in der Jugendliga<br \/>\nMittelfranken an. In der Sportmeile Rosstal durften wir das Judoteam Ansbach<br \/>\nbegr\u00fc\u00dfen \u2013 in unserer Vorrundengruppe der Spitzenreiter.<\/p>\n<p>Die ersten vier K\u00e4mpfe liefen leider wie bef\u00fcrchtet \u2013 die Ansbacher hatten bei<br \/>\nden Jungs einige starke K\u00e4mpfer am Start, die uns bereits von anderen<br \/>\nTurnieren bekannt waren und dort schon f\u00fcr Aufsehen gesorgt haben. Trotz<br \/>\nstarker Gegenwehr und lautstarker Unterst\u00fctzung von au\u00dfen waren die<br \/>\nK\u00e4mpfe leider ziemlich schnell beendet. Bei den M\u00e4dels wendete sich das Blatt<br \/>\njedoch komplett. Unsere M\u00e4dels um Franka, Annika und Frieda konnten ihre<br \/>\nBegegnungen jeweils knapp f\u00fcr sich entscheiden und brachten uns nach dem<br \/>\n1. Durchgang wieder auf 3:4 heran\u2026 Vielleicht geht ja doch noch etwas?<\/p>\n<p>Der Beginn von Durchgang 2 lief leider wieder analog wie oben beschrieben \u2013<br \/>\nmit einer kleinen \u00c4nderung. Unser Leon Bammes konnte seinen Gegner<br \/>\nzweimal mit seiner Lieblings-Technik O-soto-gari zu Boden bringen und mit<br \/>\neinem anschlie\u00dfenden Festhalter unseren ersten und einzigen Sieg f\u00fcr die<br \/>\nJungs an diesem Nachmittag einfahren. Bei den M\u00e4dels konnte Lena ihren<br \/>\nKampf noch mit jeweils einer Wurf- und Festhaltetechnik f\u00fcr sich entscheiden,<br \/>\nansonsten gab es an diesem Kampftag leider nicht so viel zu holen \u2013<br \/>\nEndergebnis 5:9 aus unserer Sicht.<\/p>\n<p>Anschlie\u00dfend gab es noch ein paar Freundschaftsk\u00e4mpfe f\u00fcr diejenigen Kinder,<br \/>\ndie nicht zum Einsatz kamen. Mit \u201eSteckerlas-Eis\u201c und Limonade lie\u00dfen wir den<br \/>\nNachmittag noch entspannt vor der Sportmeile ausklingen \u2013 mit dem Ziel,<br \/>\nunseren ersten (verdienten) Sieg zum Finale der Vorrunde in Lauf an der<br \/>\nPegnitz nach den Sommerferien einzufahren.<\/p>\n<p>Florian Burger<\/p>\n","protected":false},"excerpt":{"rendered":"<p>F\u00fcr unsere Kids stand Mitte Juli der dritte Kampftag in der Jugendliga Mittelfranken an. In der Sportmeile Rosstal durften wir das Judoteam Ansbach begr\u00fc\u00dfen \u2013 in unserer Vorrundengruppe der Spitzenreiter. Die ersten vier K\u00e4mpfe liefen leider wie bef\u00fcrchtet \u2013 die Ansbacher hatten bei den Jungs einige starke K\u00e4mpfer am Start, die uns bereits von anderen [&hellip;]<\/p>\n","protected":false},"author":48,"featured_media":0,"comment_status":"closed","ping_status":"closed","sticky":false,"template":"","format":"standard","meta":{"ngg_post_thumbnail":0,"footnotes":""},"categories":[1],"tags":[],"class_list":["post-412","post","type-post","status-publish","format-standard","hentry","category-allgemein"],"_links":{"self":[{"href":"https:\/\/tsv-rosstal.de\/judo\/wp-json\/wp\/v2\/posts\/412","targetHints":{"allow":["GET"]}}],"collection":[{"href":"https:\/\/tsv-rosstal.de\/judo\/wp-json\/wp\/v2\/posts"}],"about":[{"href":"https:\/\/tsv-rosstal.de\/judo\/wp-json\/wp\/v2\/types\/post"}],"author":[{"embeddable":true,"href":"https:\/\/tsv-rosstal.de\/judo\/wp-json\/wp\/v2\/users\/48"}],"replies":[{"embeddable":true,"href":"https:\/\/tsv-rosstal.de\/judo\/wp-json\/wp\/v2\/comments?post=412"}],"version-history":[{"count":1,"href":"https:\/\/tsv-rosstal.de\/judo\/wp-json\/wp\/v2\/posts\/412\/revisions"}],"predecessor-version":[{"id":413,"href":"https:\/\/tsv-rosstal.de\/judo\/wp-json\/wp\/v2\/posts\/412\/revisions\/413"}],"wp:attachment":[{"href":"https:\/\/tsv-rosstal.de\/judo\/wp-json\/wp\/v2\/media?parent=412"}],"wp:term":[{"taxonomy":"category","embeddable":true,"href":"https:\/\/tsv-rosstal.de\/judo\/wp-json\/wp\/v2\/categories?post=412"},{"taxonomy":"post_tag","embeddable":true,"href":"https:\/\/tsv-rosstal.de\/judo\/wp-json\/wp\/v2\/tags?post=412"}],"curies":[{"name":"wp","href":"https:\/\/api.w.org\/{rel}","templated":true}]}}